{"id":3814,"date":"2025-01-16T11:55:42","date_gmt":"2025-01-16T10:55:42","guid":{"rendered":"https:\/\/www.pole-medee.com\/correi\/?p=3814"},"modified":"2026-01-16T15:27:45","modified_gmt":"2026-01-16T14:27:45","slug":"battery-tech-expo-2025","status":"publish","type":"post","link":"https:\/\/www.pole-medee.com\/correi\/battery-tech-expo-2025\/","title":{"rendered":"Battery Tech Expo 2025 : L\u2019\u00e9v\u00e9nement phare de l\u2019industrie des batteries"},"content":{"rendered":"\n<p>La premi\u00e8re \u00e9dition fran\u00e7aise du Battery Tech Expo se tiendra le 30 janvier 2025 \u00e0 Lille Grand Palais. Ce salon, issu du Royaume-Uni, r\u00e9unira les principaux acteurs de l\u2019industrie des batteries pour v\u00e9hicules \u00e9lectriques, offrant une vitrine des derni\u00e8res avanc\u00e9es technologiques et solutions innovantes.<\/p>\n\n\n\n<p><strong>Un programme riche et vari\u00e9<\/strong><br>L\u2019\u00e9v\u00e9nement rassemblera des professionnels de toute la cha\u00eene de valeur, au c\u0153ur de la r\u00e9gion de la vall\u00e9e \u00e9lectrique fran\u00e7aise. Les participants pourront assister \u00e0 des conf\u00e9rences, tables rondes et ateliers couvrant des th\u00e8mes comme les \u00e9nergies renouvelables, l\u2019\u00e9lectromobilit\u00e9 et la gestion de l\u2019\u00e9nergie.<\/p>\n\n\n\n<p><strong>Un rendez-vous pour r\u00e9seauter et innover<\/strong><br>Le Battery Tech Expo est aussi une plateforme id\u00e9ale pour \u00e9tablir des collaborations dans un secteur en pleine expansion. Les visiteurs auront l\u2019opportunit\u00e9 de rencontrer des startups r\u00e9volutionnant l\u2019industrie, de d\u00e9couvrir des technologies de pointe et de suivre des d\u00e9monstrations techniques en direct. Ce salon ambitionne de renforcer la comp\u00e9titivit\u00e9 europ\u00e9enne tout en promouvant le d\u00e9veloppement durable.<\/p>\n\n\n\n<div class=\"wp-block-buttons is-content-justification-center is-layout-flex wp-container-core-buttons-is-layout-a89b3969 wp-block-buttons-is-layout-flex\">\n<div class=\"wp-block-button\"><a class=\"wp-block-button__link wp-element-button\" href=\"https:\/\/batterytechexpo.fr\/\">Cliquez ici pour d\u00e9couvrir le programme complet et pour vous inscrire<\/a><\/div>\n<\/div>\n","protected":false},"excerpt":{"rendered":"<p>La premi\u00e8re \u00e9dition fran\u00e7aise du Battery Tech Expo se tiendra le 30 janvier 2025 \u00e0 Lille Grand Palais. Ce salon, issu du Royaume-Uni, r\u00e9unira les principaux acteurs de l\u2019industrie des batteries pour v\u00e9hicules \u00e9lectriques, offrant une vitrine des derni\u00e8res avanc\u00e9es technologiques et solutions innovantes. Un programme riche et vari\u00e9L\u2019\u00e9v\u00e9nement rassemblera des professionnels de toute la [&hellip;]<\/p>\n","protected":false},"author":10,"featured_media":3815,"comment_status":"open","ping_status":"open","sticky":false,"template":"","format":"standard","meta":{"_acf_changed":false,"footnotes":""},"categories":[8],"tags":[],"class_list":["post-3814","post","type-post","status-publish","format-standard","has-post-thumbnail","hentry","category-evenements"],"blocksy_meta":[],"acf":[],"yoast_head":"<!-- This site is optimized with the Yoast SEO plugin v27.4 - https:\/\/yoast.com\/product\/yoast-seo-wordpress\/ -->\n<title>Battery Tech Expo 2025 : L\u2019\u00e9v\u00e9nement phare de l\u2019industrie des batteries - CORREI<\/title>\n<meta name=\"description\" content=\"La premi\u00e8re \u00e9dition fran\u00e7aise du Battery Tech Expo 2025 se tiendra le 30 janvier 2025 au Lille Grand Palais.\" \/>\n<meta name=\"robots\" content=\"index, follow, max-snippet:-1, max-image-preview:large, max-video-preview:-1\" \/>\n<link rel=\"canonical\" href=\"https:\/\/www.pole-medee.com\/correi\/battery-tech-expo-2025\/\" \/>\n<meta property=\"og:locale\" content=\"fr_FR\" \/>\n<meta property=\"og:type\" content=\"article\" \/>\n<meta property=\"og:title\" content=\"Battery Tech Expo 2025 : L\u2019\u00e9v\u00e9nement phare de l\u2019industrie des batteries - CORREI\" \/>\n<meta property=\"og:description\" content=\"La premi\u00e8re \u00e9dition fran\u00e7aise du Battery Tech Expo 2025 se tiendra le 30 janvier 2025 au Lille Grand Palais.\" \/>\n<meta property=\"og:url\" content=\"https:\/\/www.pole-medee.com\/correi\/battery-tech-expo-2025\/\" \/>\n<meta property=\"og:site_name\" content=\"CORREI\" \/>\n<meta property=\"article:published_time\" content=\"2025-01-16T10:55:42+00:00\" \/>\n<meta property=\"article:modified_time\" content=\"2026-01-16T14:27:45+00:00\" \/>\n<meta property=\"og:image\" content=\"https:\/\/www.pole-medee.com\/correi\/wp-content\/uploads\/2025\/01\/bannieres-articles-20.png\" \/>\n\t<meta property=\"og:image:width\" content=\"800\" \/>\n\t<meta property=\"og:image:height\" content=\"380\" \/>\n\t<meta property=\"og:image:type\" content=\"image\/png\" \/>\n<meta name=\"author\" content=\"l\u00e9a bonnaire\" \/>\n<meta name=\"twitter:card\" content=\"summary_large_image\" \/>\n<meta name=\"twitter:label1\" content=\"\u00c9crit par\" \/>\n\t<meta name=\"twitter:data1\" content=\"l\u00e9a bonnaire\" \/>\n\t<meta name=\"twitter:label2\" content=\"Dur\u00e9e de lecture estim\u00e9e\" \/>\n\t<meta name=\"twitter:data2\" content=\"2 minutes\" \/>\n<script type=\"application\/ld+json\" class=\"yoast-schema-graph\">{\"@context\":\"https:\\\/\\\/schema.org\",\"@graph\":[{\"@type\":\"Article\",\"@id\":\"https:\\\/\\\/www.pole-medee.com\\\/correi\\\/battery-tech-expo-2025\\\/#article\",\"isPartOf\":{\"@id\":\"https:\\\/\\\/www.pole-medee.com\\\/correi\\\/battery-tech-expo-2025\\\/\"},\"author\":{\"name\":\"l\u00e9a bonnaire\",\"@id\":\"https:\\\/\\\/www.pole-medee.com\\\/correi\\\/#\\\/schema\\\/person\\\/bfbdbe92c2ad4cf6113584400f4e9963\"},\"headline\":\"Battery Tech Expo 2025 : L\u2019\u00e9v\u00e9nement phare de l\u2019industrie des batteries\",\"datePublished\":\"2025-01-16T10:55:42+00:00\",\"dateModified\":\"2026-01-16T14:27:45+00:00\",\"mainEntityOfPage\":{\"@id\":\"https:\\\/\\\/www.pole-medee.com\\\/correi\\\/battery-tech-expo-2025\\\/\"},\"wordCount\":204,\"commentCount\":0,\"publisher\":{\"@id\":\"https:\\\/\\\/www.pole-medee.com\\\/correi\\\/#organization\"},\"image\":{\"@id\":\"https:\\\/\\\/www.pole-medee.com\\\/correi\\\/battery-tech-expo-2025\\\/#primaryimage\"},\"thumbnailUrl\":\"https:\\\/\\\/www.pole-medee.com\\\/correi\\\/wp-content\\\/uploads\\\/2025\\\/01\\\/bannieres-articles-20.png\",\"articleSection\":[\"Ev\u00e9nements\"],\"inLanguage\":\"fr-FR\",\"potentialAction\":[{\"@type\":\"CommentAction\",\"name\":\"Comment\",\"target\":[\"https:\\\/\\\/www.pole-medee.com\\\/correi\\\/battery-tech-expo-2025\\\/#respond\"]}]},{\"@type\":\"WebPage\",\"@id\":\"https:\\\/\\\/www.pole-medee.com\\\/correi\\\/battery-tech-expo-2025\\\/\",\"url\":\"https:\\\/\\\/www.pole-medee.com\\\/correi\\\/battery-tech-expo-2025\\\/\",\"name\":\"Battery Tech Expo 2025 : L\u2019\u00e9v\u00e9nement phare de l\u2019industrie des batteries - CORREI\",\"isPartOf\":{\"@id\":\"https:\\\/\\\/www.pole-medee.com\\\/correi\\\/#website\"},\"primaryImageOfPage\":{\"@id\":\"https:\\\/\\\/www.pole-medee.com\\\/correi\\\/battery-tech-expo-2025\\\/#primaryimage\"},\"image\":{\"@id\":\"https:\\\/\\\/www.pole-medee.com\\\/correi\\\/battery-tech-expo-2025\\\/#primaryimage\"},\"thumbnailUrl\":\"https:\\\/\\\/www.pole-medee.com\\\/correi\\\/wp-content\\\/uploads\\\/2025\\\/01\\\/bannieres-articles-20.png\",\"datePublished\":\"2025-01-16T10:55:42+00:00\",\"dateModified\":\"2026-01-16T14:27:45+00:00\",\"description\":\"La premi\u00e8re \u00e9dition fran\u00e7aise du Battery Tech Expo 2025 se tiendra le 30 janvier 2025 au Lille Grand Palais.\",\"breadcrumb\":{\"@id\":\"https:\\\/\\\/www.pole-medee.com\\\/correi\\\/battery-tech-expo-2025\\\/#breadcrumb\"},\"inLanguage\":\"fr-FR\",\"potentialAction\":[{\"@type\":\"ReadAction\",\"target\":[\"https:\\\/\\\/www.pole-medee.com\\\/correi\\\/battery-tech-expo-2025\\\/\"]}]},{\"@type\":\"ImageObject\",\"inLanguage\":\"fr-FR\",\"@id\":\"https:\\\/\\\/www.pole-medee.com\\\/correi\\\/battery-tech-expo-2025\\\/#primaryimage\",\"url\":\"https:\\\/\\\/www.pole-medee.com\\\/correi\\\/wp-content\\\/uploads\\\/2025\\\/01\\\/bannieres-articles-20.png\",\"contentUrl\":\"https:\\\/\\\/www.pole-medee.com\\\/correi\\\/wp-content\\\/uploads\\\/2025\\\/01\\\/bannieres-articles-20.png\",\"width\":800,\"height\":380},{\"@type\":\"BreadcrumbList\",\"@id\":\"https:\\\/\\\/www.pole-medee.com\\\/correi\\\/battery-tech-expo-2025\\\/#breadcrumb\",\"itemListElement\":[{\"@type\":\"ListItem\",\"position\":1,\"name\":\"Accueil\",\"item\":\"https:\\\/\\\/www.pole-medee.com\\\/correi\\\/\"},{\"@type\":\"ListItem\",\"position\":2,\"name\":\"Battery Tech Expo 2025 : L\u2019\u00e9v\u00e9nement phare de l\u2019industrie des batteries\"}]},{\"@type\":\"WebSite\",\"@id\":\"https:\\\/\\\/www.pole-medee.com\\\/correi\\\/#website\",\"url\":\"https:\\\/\\\/www.pole-medee.com\\\/correi\\\/\",\"name\":\"CORREI\",\"description\":\"Collectif R\u00e9gional des R\u00e9seaux Energ\u00e9tiques Intelligents\",\"publisher\":{\"@id\":\"https:\\\/\\\/www.pole-medee.com\\\/correi\\\/#organization\"},\"potentialAction\":[{\"@type\":\"SearchAction\",\"target\":{\"@type\":\"EntryPoint\",\"urlTemplate\":\"https:\\\/\\\/www.pole-medee.com\\\/correi\\\/?s={search_term_string}\"},\"query-input\":{\"@type\":\"PropertyValueSpecification\",\"valueRequired\":true,\"valueName\":\"search_term_string\"}}],\"inLanguage\":\"fr-FR\"},{\"@type\":\"Organization\",\"@id\":\"https:\\\/\\\/www.pole-medee.com\\\/correi\\\/#organization\",\"name\":\"CORREI\",\"url\":\"https:\\\/\\\/www.pole-medee.com\\\/correi\\\/\",\"logo\":{\"@type\":\"ImageObject\",\"inLanguage\":\"fr-FR\",\"@id\":\"https:\\\/\\\/www.pole-medee.com\\\/correi\\\/#\\\/schema\\\/logo\\\/image\\\/\",\"url\":\"https:\\\/\\\/www.pole-medee.com\\\/correi\\\/wp-content\\\/uploads\\\/2022\\\/07\\\/logo-correi.png\",\"contentUrl\":\"https:\\\/\\\/www.pole-medee.com\\\/correi\\\/wp-content\\\/uploads\\\/2022\\\/07\\\/logo-correi.png\",\"width\":420,\"height\":324,\"caption\":\"CORREI\"},\"image\":{\"@id\":\"https:\\\/\\\/www.pole-medee.com\\\/correi\\\/#\\\/schema\\\/logo\\\/image\\\/\"}},{\"@type\":\"Person\",\"@id\":\"https:\\\/\\\/www.pole-medee.com\\\/correi\\\/#\\\/schema\\\/person\\\/bfbdbe92c2ad4cf6113584400f4e9963\",\"name\":\"l\u00e9a bonnaire\",\"image\":{\"@type\":\"ImageObject\",\"inLanguage\":\"fr-FR\",\"@id\":\"https:\\\/\\\/secure.gravatar.com\\\/avatar\\\/73c4e98b45a4adf22c3e285e000f9babbe5bda97699b288452955ca8d9f1da2e?s=96&d=mm&r=g\",\"url\":\"https:\\\/\\\/secure.gravatar.com\\\/avatar\\\/73c4e98b45a4adf22c3e285e000f9babbe5bda97699b288452955ca8d9f1da2e?s=96&d=mm&r=g\",\"contentUrl\":\"https:\\\/\\\/secure.gravatar.com\\\/avatar\\\/73c4e98b45a4adf22c3e285e000f9babbe5bda97699b288452955ca8d9f1da2e?s=96&d=mm&r=g\",\"caption\":\"l\u00e9a bonnaire\"}}]}<\/script>\n<!-- \/ Yoast SEO plugin. -->","yoast_head_json":{"title":"Battery Tech Expo 2025 : L\u2019\u00e9v\u00e9nement phare de l\u2019industrie des batteries - CORREI","description":"La premi\u00e8re \u00e9dition fran\u00e7aise du Battery Tech Expo 2025 se tiendra le 30 janvier 2025 au Lille Grand Palais.","robots":{"index":"index","follow":"follow","max-snippet":"max-snippet:-1","max-image-preview":"max-image-preview:large","max-video-preview":"max-video-preview:-1"},"canonical":"https:\/\/www.pole-medee.com\/correi\/battery-tech-expo-2025\/","og_locale":"fr_FR","og_type":"article","og_title":"Battery Tech Expo 2025 : L\u2019\u00e9v\u00e9nement phare de l\u2019industrie des batteries - CORREI","og_description":"La premi\u00e8re \u00e9dition fran\u00e7aise du Battery Tech Expo 2025 se tiendra le 30 janvier 2025 au Lille Grand Palais.","og_url":"https:\/\/www.pole-medee.com\/correi\/battery-tech-expo-2025\/","og_site_name":"CORREI","article_published_time":"2025-01-16T10:55:42+00:00","article_modified_time":"2026-01-16T14:27:45+00:00","og_image":[{"width":800,"height":380,"url":"https:\/\/www.pole-medee.com\/correi\/wp-content\/uploads\/2025\/01\/bannieres-articles-20.png","type":"image\/png"}],"author":"l\u00e9a bonnaire","twitter_card":"summary_large_image","twitter_misc":{"\u00c9crit par":"l\u00e9a bonnaire","Dur\u00e9e de lecture estim\u00e9e":"2 minutes"},"schema":{"@context":"https:\/\/schema.org","@graph":[{"@type":"Article","@id":"https:\/\/www.pole-medee.com\/correi\/battery-tech-expo-2025\/#article","isPartOf":{"@id":"https:\/\/www.pole-medee.com\/correi\/battery-tech-expo-2025\/"},"author":{"name":"l\u00e9a bonnaire","@id":"https:\/\/www.pole-medee.com\/correi\/#\/schema\/person\/bfbdbe92c2ad4cf6113584400f4e9963"},"headline":"Battery Tech Expo 2025 : L\u2019\u00e9v\u00e9nement phare de l\u2019industrie des batteries","datePublished":"2025-01-16T10:55:42+00:00","dateModified":"2026-01-16T14:27:45+00:00","mainEntityOfPage":{"@id":"https:\/\/www.pole-medee.com\/correi\/battery-tech-expo-2025\/"},"wordCount":204,"commentCount":0,"publisher":{"@id":"https:\/\/www.pole-medee.com\/correi\/#organization"},"image":{"@id":"https:\/\/www.pole-medee.com\/correi\/battery-tech-expo-2025\/#primaryimage"},"thumbnailUrl":"https:\/\/www.pole-medee.com\/correi\/wp-content\/uploads\/2025\/01\/bannieres-articles-20.png","articleSection":["Ev\u00e9nements"],"inLanguage":"fr-FR","potentialAction":[{"@type":"CommentAction","name":"Comment","target":["https:\/\/www.pole-medee.com\/correi\/battery-tech-expo-2025\/#respond"]}]},{"@type":"WebPage","@id":"https:\/\/www.pole-medee.com\/correi\/battery-tech-expo-2025\/","url":"https:\/\/www.pole-medee.com\/correi\/battery-tech-expo-2025\/","name":"Battery Tech Expo 2025 : L\u2019\u00e9v\u00e9nement phare de l\u2019industrie des batteries - CORREI","isPartOf":{"@id":"https:\/\/www.pole-medee.com\/correi\/#website"},"primaryImageOfPage":{"@id":"https:\/\/www.pole-medee.com\/correi\/battery-tech-expo-2025\/#primaryimage"},"image":{"@id":"https:\/\/www.pole-medee.com\/correi\/battery-tech-expo-2025\/#primaryimage"},"thumbnailUrl":"https:\/\/www.pole-medee.com\/correi\/wp-content\/uploads\/2025\/01\/bannieres-articles-20.png","datePublished":"2025-01-16T10:55:42+00:00","dateModified":"2026-01-16T14:27:45+00:00","description":"La premi\u00e8re \u00e9dition fran\u00e7aise du Battery Tech Expo 2025 se tiendra le 30 janvier 2025 au Lille Grand Palais.","breadcrumb":{"@id":"https:\/\/www.pole-medee.com\/correi\/battery-tech-expo-2025\/#breadcrumb"},"inLanguage":"fr-FR","potentialAction":[{"@type":"ReadAction","target":["https:\/\/www.pole-medee.com\/correi\/battery-tech-expo-2025\/"]}]},{"@type":"ImageObject","inLanguage":"fr-FR","@id":"https:\/\/www.pole-medee.com\/correi\/battery-tech-expo-2025\/#primaryimage","url":"https:\/\/www.pole-medee.com\/correi\/wp-content\/uploads\/2025\/01\/bannieres-articles-20.png","contentUrl":"https:\/\/www.pole-medee.com\/correi\/wp-content\/uploads\/2025\/01\/bannieres-articles-20.png","width":800,"height":380},{"@type":"BreadcrumbList","@id":"https:\/\/www.pole-medee.com\/correi\/battery-tech-expo-2025\/#breadcrumb","itemListElement":[{"@type":"ListItem","position":1,"name":"Accueil","item":"https:\/\/www.pole-medee.com\/correi\/"},{"@type":"ListItem","position":2,"name":"Battery Tech Expo 2025 : L\u2019\u00e9v\u00e9nement phare de l\u2019industrie des batteries"}]},{"@type":"WebSite","@id":"https:\/\/www.pole-medee.com\/correi\/#website","url":"https:\/\/www.pole-medee.com\/correi\/","name":"CORREI","description":"Collectif R\u00e9gional des R\u00e9seaux Energ\u00e9tiques Intelligents","publisher":{"@id":"https:\/\/www.pole-medee.com\/correi\/#organization"},"potentialAction":[{"@type":"SearchAction","target":{"@type":"EntryPoint","urlTemplate":"https:\/\/www.pole-medee.com\/correi\/?s={search_term_string}"},"query-input":{"@type":"PropertyValueSpecification","valueRequired":true,"valueName":"search_term_string"}}],"inLanguage":"fr-FR"},{"@type":"Organization","@id":"https:\/\/www.pole-medee.com\/correi\/#organization","name":"CORREI","url":"https:\/\/www.pole-medee.com\/correi\/","logo":{"@type":"ImageObject","inLanguage":"fr-FR","@id":"https:\/\/www.pole-medee.com\/correi\/#\/schema\/logo\/image\/","url":"https:\/\/www.pole-medee.com\/correi\/wp-content\/uploads\/2022\/07\/logo-correi.png","contentUrl":"https:\/\/www.pole-medee.com\/correi\/wp-content\/uploads\/2022\/07\/logo-correi.png","width":420,"height":324,"caption":"CORREI"},"image":{"@id":"https:\/\/www.pole-medee.com\/correi\/#\/schema\/logo\/image\/"}},{"@type":"Person","@id":"https:\/\/www.pole-medee.com\/correi\/#\/schema\/person\/bfbdbe92c2ad4cf6113584400f4e9963","name":"l\u00e9a bonnaire","image":{"@type":"ImageObject","inLanguage":"fr-FR","@id":"https:\/\/secure.gravatar.com\/avatar\/73c4e98b45a4adf22c3e285e000f9babbe5bda97699b288452955ca8d9f1da2e?s=96&d=mm&r=g","url":"https:\/\/secure.gravatar.com\/avatar\/73c4e98b45a4adf22c3e285e000f9babbe5bda97699b288452955ca8d9f1da2e?s=96&d=mm&r=g","contentUrl":"https:\/\/secure.gravatar.com\/avatar\/73c4e98b45a4adf22c3e285e000f9babbe5bda97699b288452955ca8d9f1da2e?s=96&d=mm&r=g","caption":"l\u00e9a bonnaire"}}]}},"_links":{"self":[{"href":"https:\/\/www.pole-medee.com\/correi\/wp-json\/wp\/v2\/posts\/3814","targetHints":{"allow":["GET"]}}],"collection":[{"href":"https:\/\/www.pole-medee.com\/correi\/wp-json\/wp\/v2\/posts"}],"about":[{"href":"https:\/\/www.pole-medee.com\/correi\/wp-json\/wp\/v2\/types\/post"}],"author":[{"embeddable":true,"href":"https:\/\/www.pole-medee.com\/correi\/wp-json\/wp\/v2\/users\/10"}],"replies":[{"embeddable":true,"href":"https:\/\/www.pole-medee.com\/correi\/wp-json\/wp\/v2\/comments?post=3814"}],"version-history":[{"count":1,"href":"https:\/\/www.pole-medee.com\/correi\/wp-json\/wp\/v2\/posts\/3814\/revisions"}],"predecessor-version":[{"id":3816,"href":"https:\/\/www.pole-medee.com\/correi\/wp-json\/wp\/v2\/posts\/3814\/revisions\/3816"}],"wp:featuredmedia":[{"embeddable":true,"href":"https:\/\/www.pole-medee.com\/correi\/wp-json\/wp\/v2\/media\/3815"}],"wp:attachment":[{"href":"https:\/\/www.pole-medee.com\/correi\/wp-json\/wp\/v2\/media?parent=3814"}],"wp:term":[{"taxonomy":"category","embeddable":true,"href":"https:\/\/www.pole-medee.com\/correi\/wp-json\/wp\/v2\/categories?post=3814"},{"taxonomy":"post_tag","embeddable":true,"href":"https:\/\/www.pole-medee.com\/correi\/wp-json\/wp\/v2\/tags?post=3814"}],"curies":[{"name":"wp","href":"https:\/\/api.w.org\/{rel}","templated":true}]}}